{"id":149,"date":"2023-01-17T20:25:57","date_gmt":"2023-01-17T19:25:57","guid":{"rendered":"https:\/\/bfernandezfern.folio.uoc.edu\/?p=149"},"modified":"2023-01-18T19:47:16","modified_gmt":"2023-01-18T18:47:16","slug":"reflexion-personal","status":"publish","type":"post","link":"https:\/\/bfernandezfern.folio.uoc.edu\/?p=149","title":{"rendered":"Cierre del Portafolio"},"content":{"rendered":"<div class=\"uoc_portafolis_tools row_uoc_portafolis_tools\"><div class=\"external_post column-uoc_portafolis_tools\"><span class=\"external_post_title\"><img src=\"https:\/\/bfernandezfern.folio.uoc.edu\/wp-content\/plugins\/portafolis-create-site\/img\/classroom.png\" alt=\"Asignatura\"\/><\/span> <a href=\"https:\/\/221-71-507-04.folio.uoc.edu\">Iniciaci\u00f3n a las competencias TIC aula 4<\/a><\/div>    <div class=\"column-uoc_portafolis_tools\">        <div class=\"subtitle_portafolis_uoc_access_in_content\"><span class=\"subtitle_portafolis_uoc_access_title\"> <img src=\"https:\/\/bfernandezfern.folio.uoc.edu\/wp-content\/plugins\/portafolis-uoc-access\/img\/visibility.png\" title=\"Visibilidad:\"><\/span> <!--img src=\"https:\/\/bfernandezfern.folio.uoc.edu\/wp-content\/plugins\/portafolis-uoc-access\/img\/world.png\" title=\"Todo el mundo podr\u00e1 ver esta entrada, forme parte o no de la UOC.\"--> P\u00fablica        <\/div>    <\/div><div class=\"uoc_portafolis_clear\"><\/div><\/div><p>Hola\u00a0 a todos os adjunto una peque\u00f1a reflexi\u00f3n de lo que ha significado para m\u00ed la realizaci\u00f3n de esta asignatura.<\/p>\n<p>Ha resultado un reto muy entretenido y sobre todo enriquecedor, he tenido la suerte de coincidir con compa\u00f1eros siempre predispuestos a la hora de trabajar y preparar los diferentes tipos de proyectos que se nos pusieron en el camino. He aprendido a trabajar en equipo, asignar roles y cooperar a la hora de que alg\u00fan miembro haya tenido dificultades a la hora de realizar su tarea. Ha sido un reto cumplir los diferentes acuerdos grupales que plasmamos en un inicio, pero esos acuerdos nos han asegurado la buena realizaci\u00f3n y el cumplimiento de nuestros objetivos.<\/p>\n<p>En cuenta a herramientas utilizadas, he conseguido poder conocer y trabajar en Genial.Ly , una herramienta muy \u00fatil en el dise\u00f1o de p\u00e1ginas web y de proyectos. A su vez he ampliado mi conocimiento del so de la plataforma Excel, en donde a la hora de realizar los diferentes presupuestos me ha sido muy \u00fatil.<\/p>\n<p>En l\u00edneas generales ha sido una experiencia muy positiva y la cual considero imprescindible si quieres desarrollarte en este mundo, ya que te muestra herramientas y conceptos que posteriormente tendr\u00e1s que utilizar tarde o temprano, y sobre todo te presenta la situaci\u00f3n de trabajar en equipo para desarrollar un proyecto u objetivo com\u00fan, ayud\u00e1ndote y ense\u00f1\u00e1ndote a ser comprensivo, cooperativo y ponerte en la piel de tus compa\u00f1eros.<\/p>\n<p>Un saludo. Sr Fern\u00e1ndez<\/p>\n<div class=\"uoc_portafolis_tools row_uoc_portafolis_tools uoc_portafolis_tools_foot\"> <a href=\"https:\/\/bfernandezfern.folio.uoc.edu\/?actiuoc=activity-895133-1233709\" class=\"actiUOCFront\">4. \u00a1Cerramos el proyecto y hacemos su difusi\u00f3n!<\/a><\/div>","protected":false},"excerpt":{"rendered":"<div class=\"uoc_portafolis_tools row_uoc_portafolis_tools\">\n<div class=\"external_post column-uoc_portafolis_tools\"><span class=\"external_post_title\"><\/span> Iniciaci\u00f3n a las competencias TIC aula 4<\/div>\n<div class=\"column-uoc_portafolis_tools\">\n<div class=\"subtitle_portafolis_uoc_access_in_content\"><span class=\"subtitle_portafolis_uoc_access_title\"> <\/span>  P\u00fablica        <\/div>\n<\/p><\/div>\n<div class=\"uoc_portafolis_clear\"><\/div>\n<\/div>\n<p>Hola\u00a0 a todos os adjunto una peque\u00f1a reflexi\u00f3n de lo que ha significado para m\u00ed la realizaci\u00f3n de esta asignatura.<br \/>\nHa resultado un reto muy entretenido y sobre todo enriquecedor, he tenido la suerte de coincidir con compa\u00f1eros siempre predispuestos a la hora de trabajar y preparar los diferentes tipos de proyectos que se nos pusieron en el camino. &hellip; <a href=\"https:\/\/bfernandezfern.folio.uoc.edu\/?p=149\" class=\"more-link\">Sigue leyendo <span class=\"screen-reader-text\">Cierre del Portafolio<\/span><\/a><\/p>\n","protected":false},"author":9244,"featured_media":0,"comment_status":"open","ping_status":"open","sticky":true,"template":"","format":"standard","meta":{"inline_featured_image":false,"footnotes":""},"categories":[1],"tags":[],"actiuoc":[11],"class_list":["post-149","post","type-post","status-publish","format-standard","hentry","category-uncategorized","actiuoc-activity-895133-1233709"],"_links":{"self":[{"href":"https:\/\/bfernandezfern.folio.uoc.edu\/index.php?rest_route=\/wp\/v2\/posts\/149","targetHints":{"allow":["GET"]}}],"collection":[{"href":"https:\/\/bfernandezfern.folio.uoc.edu\/index.php?rest_route=\/wp\/v2\/posts"}],"about":[{"href":"https:\/\/bfernandezfern.folio.uoc.edu\/index.php?rest_route=\/wp\/v2\/types\/post"}],"author":[{"embeddable":true,"href":"https:\/\/bfernandezfern.folio.uoc.edu\/index.php?rest_route=\/wp\/v2\/users\/9244"}],"replies":[{"embeddable":true,"href":"https:\/\/bfernandezfern.folio.uoc.edu\/index.php?rest_route=%2Fwp%2Fv2%2Fcomments&post=149"}],"version-history":[{"count":0,"href":"https:\/\/bfernandezfern.folio.uoc.edu\/index.php?rest_route=\/wp\/v2\/posts\/149\/revisions"}],"wp:attachment":[{"href":"https:\/\/bfernandezfern.folio.uoc.edu\/index.php?rest_route=%2Fwp%2Fv2%2Fmedia&parent=149"}],"wp:term":[{"taxonomy":"category","embeddable":true,"href":"https:\/\/bfernandezfern.folio.uoc.edu\/index.php?rest_route=%2Fwp%2Fv2%2Fcategories&post=149"},{"taxonomy":"post_tag","embeddable":true,"href":"https:\/\/bfernandezfern.folio.uoc.edu\/index.php?rest_route=%2Fwp%2Fv2%2Ftags&post=149"},{"taxonomy":"actiuoc","embeddable":true,"href":"https:\/\/bfernandezfern.folio.uoc.edu\/index.php?rest_route=%2Fwp%2Fv2%2Factiuoc&post=149"}],"curies":[{"name":"wp","href":"https:\/\/api.w.org\/{rel}","templated":true}]}}