{"id":9244,"name":"Borja Fern\u00e1ndez Fern\u00e1ndez","url":"","description":"Hola me llamo Borja Fern\u00e1ndez, tengo 27 a\u00f1os y me dedico al deporte profesional.\r\nActualmente estoy cursando el grado de ADE, y me encantar\u00eda ampliar mis conocimientos en este mundo.","link":"https:\/\/bfernandezfern.folio.uoc.edu\/?author=9244","slug":"borja-fernandez-fernandez","avatar_urls":{"24":"https:\/\/secure.gravatar.com\/avatar\/d51aa9ecb2ae149045eac308bc77c5d93a8e298c220573cbbc0f0e1e0b81c1a1?s=24&d=mm&r=g","48":"https:\/\/secure.gravatar.com\/avatar\/d51aa9ecb2ae149045eac308bc77c5d93a8e298c220573cbbc0f0e1e0b81c1a1?s=48&d=mm&r=g","96":"https:\/\/secure.gravatar.com\/avatar\/d51aa9ecb2ae149045eac308bc77c5d93a8e298c220573cbbc0f0e1e0b81c1a1?s=96&d=mm&r=g"},"meta":[],"_links":{"self":[{"href":"https:\/\/bfernandezfern.folio.uoc.edu\/index.php?rest_route=\/wp\/v2\/users\/9244","targetHints":{"allow":["GET"]}}],"collection":[{"href":"https:\/\/bfernandezfern.folio.uoc.edu\/index.php?rest_route=\/wp\/v2\/users"}]}}